{"id":825,"date":"2015-11-25T09:53:58","date_gmt":"2015-11-25T09:53:58","guid":{"rendered":"http:\/\/tmp.bluefjords.com\/?p=825"},"modified":"2015-11-25T09:53:58","modified_gmt":"2015-11-25T09:53:58","slug":"offisiell-opning-av-bluefjords-datasenter","status":"publish","type":"post","link":"https:\/\/www.bluefjords.com\/?p=825","title":{"rendered":"Offisiell opning av BlueFjords datasenter"},"content":{"rendered":"<p>24. november 2015\u00a0vart BlueFjords datasenter offisielt opna. Markeringen fann stad med eit 50 talls gjester p\u00e5 T\u00f8rvis Hotel samt i BlueFjords Datasenter. Ordf\u00f8rer i Luster, Ivar Kvalen stod for den sermonielle delen av opningen. Les artikkel p\u00e5 <a title=\"Offisiell opning av BlueFjords datasenter\" href=\"http:\/\/www.nrk.no\/sognogfjordane\/her-blir-fylkets-forste-datasenter-offisielt-opna-1.12670522\" target=\"_blank\">Nrk-Sogn og Fjordane<\/a><\/p>\n","protected":false},"excerpt":{"rendered":"<p>24. november 2015\u00a0vart BlueFjords datasenter offisielt opna. Markeringen fann stad med eit 50 talls gjester p\u00e5 T\u00f8rvis Hotel samt i BlueFjords Datasenter. Ordf\u00f8rer i Luster, Ivar Kvalen stod for den sermonielle delen av opningen. Les artikkel p\u00e5 Nrk-Sogn og Fjordane<\/p>\n","protected":false},"author":2,"featured_media":826,"comment_status":"closed","ping_status":"closed","sticky":false,"template":"","format":"standard","meta":{"footnotes":""},"categories":[67],"tags":[],"aioseo_notices":[],"_links":{"self":[{"href":"https:\/\/www.bluefjords.com\/index.php?rest_route=\/wp\/v2\/posts\/825"}],"collection":[{"href":"https:\/\/www.bluefjords.com\/index.php?rest_route=\/wp\/v2\/posts"}],"about":[{"href":"https:\/\/www.bluefjords.com\/index.php?rest_route=\/wp\/v2\/types\/post"}],"author":[{"embeddable":true,"href":"https:\/\/www.bluefjords.com\/index.php?rest_route=\/wp\/v2\/users\/2"}],"replies":[{"embeddable":true,"href":"https:\/\/www.bluefjords.com\/index.php?rest_route=%2Fwp%2Fv2%2Fcomments&post=825"}],"version-history":[{"count":2,"href":"https:\/\/www.bluefjords.com\/index.php?rest_route=\/wp\/v2\/posts\/825\/revisions"}],"predecessor-version":[{"id":829,"href":"https:\/\/www.bluefjords.com\/index.php?rest_route=\/wp\/v2\/posts\/825\/revisions\/829"}],"wp:featuredmedia":[{"embeddable":true,"href":"https:\/\/www.bluefjords.com\/index.php?rest_route=\/wp\/v2\/media\/826"}],"wp:attachment":[{"href":"https:\/\/www.bluefjords.com\/index.php?rest_route=%2Fwp%2Fv2%2Fmedia&parent=825"}],"wp:term":[{"taxonomy":"category","embeddable":true,"href":"https:\/\/www.bluefjords.com\/index.php?rest_route=%2Fwp%2Fv2%2Fcategories&post=825"},{"taxonomy":"post_tag","embeddable":true,"href":"https:\/\/www.bluefjords.com\/index.php?rest_route=%2Fwp%2Fv2%2Ftags&post=825"}],"curies":[{"name":"wp","href":"https:\/\/api.w.org\/{rel}","templated":true}]}}