{"id":822,"date":"2015-11-25T09:40:03","date_gmt":"2015-11-25T09:40:03","guid":{"rendered":"http:\/\/tmp.bluefjords.com\/?p=822"},"modified":"2015-11-25T09:55:17","modified_gmt":"2015-11-25T09:55:17","slug":"offisiell-opning-av-bluefjords","status":"publish","type":"post","link":"https:\/\/www.bluefjords.com\/?p=822","title":{"rendered":"Offisiell \u00e5pning av BlueFjords"},"content":{"rendered":"<p>24. november ble BlueFjords offisielt \u00e5pnet. Markeringen fant sted med et 50 talls gjester p\u00e5 T\u00f8rvis Hotel samt i BlueFjords Datasenter. Ordf\u00f8rer i Luster, Ivar Kvalen stod for den sermonielle delen av \u00e5pningen. Les artikkel p\u00e5 <a title=\"NRK-Sogn og Fjordane\" href=\"http:\/\/www.nrk.no\/sognogfjordane\/her-blir-fylkets-forste-datasenter-offisielt-opna-1.12670522\" target=\"_blank\">Nrk-Sogn og Fjordane<\/a><\/p>\n<p>&nbsp;<\/p>\n","protected":false},"excerpt":{"rendered":"<p>24. november ble BlueFjords offisielt \u00e5pnet. Markeringen fant sted med et 50 talls gjester p\u00e5 T\u00f8rvis Hotel samt i BlueFjords Datasenter. Ordf\u00f8rer i Luster, Ivar Kvalen stod for den sermonielle delen av \u00e5pningen. Les artikkel p\u00e5 Nrk-Sogn og Fjordane &nbsp;<\/p>\n","protected":false},"author":2,"featured_media":824,"comment_status":"closed","ping_status":"closed","sticky":false,"template":"","format":"standard","meta":{"footnotes":""},"categories":[54],"tags":[],"aioseo_notices":[],"_links":{"self":[{"href":"https:\/\/www.bluefjords.com\/index.php?rest_route=\/wp\/v2\/posts\/822"}],"collection":[{"href":"https:\/\/www.bluefjords.com\/index.php?rest_route=\/wp\/v2\/posts"}],"about":[{"href":"https:\/\/www.bluefjords.com\/index.php?rest_route=\/wp\/v2\/types\/post"}],"author":[{"embeddable":true,"href":"https:\/\/www.bluefjords.com\/index.php?rest_route=\/wp\/v2\/users\/2"}],"replies":[{"embeddable":true,"href":"https:\/\/www.bluefjords.com\/index.php?rest_route=%2Fwp%2Fv2%2Fcomments&post=822"}],"version-history":[{"count":2,"href":"https:\/\/www.bluefjords.com\/index.php?rest_route=\/wp\/v2\/posts\/822\/revisions"}],"predecessor-version":[{"id":828,"href":"https:\/\/www.bluefjords.com\/index.php?rest_route=\/wp\/v2\/posts\/822\/revisions\/828"}],"wp:featuredmedia":[{"embeddable":true,"href":"https:\/\/www.bluefjords.com\/index.php?rest_route=\/wp\/v2\/media\/824"}],"wp:attachment":[{"href":"https:\/\/www.bluefjords.com\/index.php?rest_route=%2Fwp%2Fv2%2Fmedia&parent=822"}],"wp:term":[{"taxonomy":"category","embeddable":true,"href":"https:\/\/www.bluefjords.com\/index.php?rest_route=%2Fwp%2Fv2%2Fcategories&post=822"},{"taxonomy":"post_tag","embeddable":true,"href":"https:\/\/www.bluefjords.com\/index.php?rest_route=%2Fwp%2Fv2%2Ftags&post=822"}],"curies":[{"name":"wp","href":"https:\/\/api.w.org\/{rel}","templated":true}]}}